{"id":28,"date":"2015-10-23T13:29:01","date_gmt":"2015-10-23T13:29:01","guid":{"rendered":"http:\/\/coi-olhos.com.br\/oftalmologia\/?p=28"},"modified":"2015-12-11T10:40:15","modified_gmt":"2015-12-11T10:40:15","slug":"glaucoma","status":"publish","type":"post","link":"https:\/\/coi-olhos.com.br\/oftalmologia\/glaucoma\/","title":{"rendered":"GLAUCOMA"},"content":{"rendered":"<p>\u00c9 quando h\u00e1 aumento da press\u00e3o intra-ocular e danos no nervo \u00f3ptico decorrentes desse aumento de press\u00e3o.<br \/>\nEsses danos se expressam no exame de fundo de olho e por altera\u00e7\u00f5es no campo de vis\u00e3o.<br \/>\nChamamos de hipertens\u00e3o ocular e n\u00e3o de glaucoma, quando a press\u00e3o est\u00e1 elevada e o campo de vis\u00e3o e o nervo \u00f3ptico aparecem como normais.<br \/>\nConsidera-se como elevada a press\u00e3o ocular acima de 21 mmHg. A press\u00e3o intra-ocular varia durante o dia, sendo mais elevada na maioria<span class=\"text_exposed_show\">das pessoas nas primeiras horas da manh\u00e3. Assim sendo, ao lado do valor absoluto, \u00e9 importante o conhecimento da variabilidade da press\u00e3o para o adequado manejo da doen\u00e7a.<br \/>\nAtualmente sabemos que a m\u00e1 perfus\u00e3o vascular \u00e9 importante na patogenia do glaucoma. Assim sendo, podemos ter o chamado glaucoma sem press\u00e3o elevada.<br \/>\nA forma mais comum de glaucoma, que \u00e9 o cr\u00f4nico simples, n\u00e3o causa sintomas e seu diagn\u00f3stico \u00e9 feito pelo exame oftalmol\u00f3gico.<br \/>\n\u00c9 mais freq\u00fcente ap\u00f3s os 30 anos de idade e, quando h\u00e1 hist\u00f3ria familiar de glaucoma, os pacientes devem ser examinados anualmente.<br \/>\nChamamos de glaucoma agudo, quando h\u00e1 aumento s\u00fabito e importante da press\u00e3o ocular. Nestes casos a dor e a perturba\u00e7\u00e3o da vis\u00e3o s\u00e3o importantes e requerem pronto atendimento.<br \/>\nA conseq\u00fc\u00eancia do glaucoma n\u00e3o tratado \u00e9 a perda de campo de vis\u00e3o e ap\u00f3s a perda da vis\u00e3o central.<br \/>\nO glaucoma pode ser secund\u00e1rio a outras doen\u00e7as e ao uso indiscriminado de determinados medicamentos como os cortic\u00f3ides.<br \/>\nO tratamento do glaucoma \u00e9 cl\u00ednico para a maioria dos pacientes (col\u00edrios que atuam baixando a press\u00e3o ocular). O tratamento pode ser cir\u00fargico para os casos que n\u00e3o respondem aos medicamentos.<\/span><\/p>\n","protected":false},"excerpt":{"rendered":"<p>\u00c9 quando h\u00e1 aumento da press\u00e3o intra-ocular e danos no nervo \u00f3ptico decorrentes desse aumento de press\u00e3o. Esses danos se expressam no exame de fundo de olho e por altera\u00e7\u00f5es no campo de vis\u00e3o. Chamamos de hipertens\u00e3o ocular e n\u00e3o de glaucoma, quando a press\u00e3o est\u00e1 elevada e o campo de vis\u00e3o e o nervo&hellip;&nbsp;<a href=\"https:\/\/coi-olhos.com.br\/oftalmologia\/glaucoma\/\" class=\"\" rel=\"bookmark\">Continue a ler &raquo;<span class=\"screen-reader-text\">GLAUCOMA<\/span><\/a><\/p>\n","protected":false},"author":1,"featured_media":29,"comment_status":"open","ping_status":"open","sticky":false,"template":"","format":"standard","meta":{"neve_meta_sidebar":"","neve_meta_container":"","neve_meta_enable_content_width":"","neve_meta_content_width":0,"neve_meta_title_alignment":"","neve_meta_author_avatar":"","neve_post_elements_order":"","neve_meta_disable_header":"","neve_meta_disable_footer":"","neve_meta_disable_title":"","_themeisle_gutenberg_block_has_review":false,"_ti_tpc_template_sync":false,"_ti_tpc_template_id":"","footnotes":""},"categories":[6],"tags":[4],"_links":{"self":[{"href":"https:\/\/coi-olhos.com.br\/oftalmologia\/wp-json\/wp\/v2\/posts\/28"}],"collection":[{"href":"https:\/\/coi-olhos.com.br\/oftalmologia\/wp-json\/wp\/v2\/posts"}],"about":[{"href":"https:\/\/coi-olhos.com.br\/oftalmologia\/wp-json\/wp\/v2\/types\/post"}],"author":[{"embeddable":true,"href":"https:\/\/coi-olhos.com.br\/oftalmologia\/wp-json\/wp\/v2\/users\/1"}],"replies":[{"embeddable":true,"href":"https:\/\/coi-olhos.com.br\/oftalmologia\/wp-json\/wp\/v2\/comments?post=28"}],"version-history":[{"count":1,"href":"https:\/\/coi-olhos.com.br\/oftalmologia\/wp-json\/wp\/v2\/posts\/28\/revisions"}],"predecessor-version":[{"id":30,"href":"https:\/\/coi-olhos.com.br\/oftalmologia\/wp-json\/wp\/v2\/posts\/28\/revisions\/30"}],"wp:featuredmedia":[{"embeddable":true,"href":"https:\/\/coi-olhos.com.br\/oftalmologia\/wp-json\/wp\/v2\/media\/29"}],"wp:attachment":[{"href":"https:\/\/coi-olhos.com.br\/oftalmologia\/wp-json\/wp\/v2\/media?parent=28"}],"wp:term":[{"taxonomy":"category","embeddable":true,"href":"https:\/\/coi-olhos.com.br\/oftalmologia\/wp-json\/wp\/v2\/categories?post=28"},{"taxonomy":"post_tag","embeddable":true,"href":"https:\/\/coi-olhos.com.br\/oftalmologia\/wp-json\/wp\/v2\/tags?post=28"}],"curies":[{"name":"wp","href":"https:\/\/api.w.org\/{rel}","templated":true}]}}